{"id":216,"date":"2023-10-18T12:51:21","date_gmt":"2023-10-18T12:51:21","guid":{"rendered":"http:\/\/casatomada.es\/talleres\/?p=216"},"modified":"2025-09-29T09:18:10","modified_gmt":"2025-09-29T09:18:10","slug":"taller-de-relato-breve","status":"publish","type":"post","link":"http:\/\/casatomada.es\/talleres\/taller-de-relato-breve\/","title":{"rendered":"Taller de relato breve"},"content":{"rendered":"\n<div class=\"wp-block-columns is-layout-flex wp-container-core-columns-is-layout-1 wp-block-columns-is-layout-flex\">\n<div class=\"wp-block-column is-layout-flow wp-block-column-is-layout-flow\" style=\"flex-basis:100%\">\n<div class=\"wp-block-uagb-tabs uagb-block-d5355054 uagb-tabs__wrap uagb-tabs__hstyle1-desktop uagb-tabs__vstyle6-tablet uagb-tabs__stack1-mobile\" data-tab-active=\"0\"><ul class=\"uagb-tabs__panel uagb-tabs__align-left\" role=\"tablist\"><li class=\"uagb-tab uagb-tabs__active\" role=\"none\"><a href=\"#uagb-tabs__tab0\" class=\"uagb-tabs-list uagb-tabs__icon-position-left\" data-tab=\"0\" role=\"tab\"><div>Presentaci\u00f3n<\/div><\/a><\/li><li class=\"uagb-tab \" role=\"none\"><a href=\"#uagb-tabs__tab1\" class=\"uagb-tabs-list uagb-tabs__icon-position-left\" data-tab=\"1\" role=\"tab\"><div>Desarrollo<\/div><\/a><\/li><li class=\"uagb-tab \" role=\"none\"><a href=\"#uagb-tabs__tab2\" class=\"uagb-tabs-list uagb-tabs__icon-position-left\" data-tab=\"2\" role=\"tab\"><div>Contenido<\/div><\/a><\/li><li class=\"uagb-tab \" role=\"none\"><a href=\"#uagb-tabs__tab3\" class=\"uagb-tabs-list uagb-tabs__icon-position-left\" data-tab=\"3\" role=\"tab\"><div>Duraci\u00f3n y horarios<\/div><\/a><\/li><li class=\"uagb-tab \" role=\"none\"><a href=\"#uagb-tabs__tab4\" class=\"uagb-tabs-list uagb-tabs__icon-position-left\" data-tab=\"4\" role=\"tab\"><div>Matr\u00edcula<\/div><\/a><\/li><\/ul><div class=\"uagb-tabs__body-wrap\">\n<div class=\"wp-block-uagb-tabs-child uagb-tabs__body-container uagb-inner-tab-0\" aria-labelledby=\"uagb-tabs__tab0\">\n<div class=\"wp-block-media-text is-stacked-on-mobile is-vertically-aligned-top\" style=\"grid-template-columns:30% auto\"><figure  class=\"wp-block-media-text__media\"><img loading=\"lazy\" decoding=\"async\" width=\"500\" height=\"500\" alt=\"\" src=\"http:\/\/casatomada.es\/talleres\/wp-content\/uploads\/2023\/09\/RELATO.png\" class=\"wp-image-1083 size-full\" srcset=\"http:\/\/casatomada.es\/talleres\/wp-content\/uploads\/2023\/09\/RELATO.png 500w, http:\/\/casatomada.es\/talleres\/wp-content\/uploads\/2023\/09\/RELATO-300x300.png 300w, http:\/\/casatomada.es\/talleres\/wp-content\/uploads\/2023\/09\/RELATO-150x150.png 150w\" sizes=\"auto, (max-width: 500px) 100vw, 500px\" \/><\/figure><div class=\"wp-block-media-text__content\">\n<p>\u201cYo no escribo, yo solo corrijo\u201d, dec\u00eda Augusto Monterroso. El taller de relato est\u00e1 pensado para todas aquellas personas que, como Monterroso, vuelven una y otra vez al texto escrito pero no saben por d\u00f3nde meterle mano.<\/p>\n\n\n\n<p>El taller de relato va dirigido a todos aquellos alumnos y alumnas que cuenten con un buen corpus de textos escritos, y con ganas de volver a trabajarlos desde el principio si hace falta hasta darle su forma final. Pretende que los participantes aprendan a leer sus textos con distancia y asuman la autocr\u00edtica como una parte m\u00e1s del proceso creativo. Para ello, se les proporcionar\u00e1 una serie de herramientas que les ayuden a revisar los textos, a detectar los errores y a solucionarlos.<\/p>\n<\/div><\/div>\n<\/div>\n\n\n\n<div class=\"wp-block-uagb-tabs-child uagb-tabs__body-container uagb-inner-tab-1\" aria-labelledby=\"uagb-tabs__tab1\">\n<p>Los alumnos pondr\u00e1n sus relatos en com\u00fan en clase y se analizar\u00e1n desde una perspectiva eminentemente pr\u00e1ctica, con el objetivo de resucitarlos en caso necesario y\/o posible \u2014la papelera es tambi\u00e9n una forma de reescritura\u2014, de dotarlos de vida y de hacer que luzcan como para sacarlos de paseo de domingo.<\/p>\n\n\n\n<p>Adem\u00e1s, se leer\u00e1n textos de autores seleccionados por la profesora y se desvelar\u00e1n las estrategias&nbsp;empleadas para hacer que resulten redondos.<\/p>\n<\/div>\n\n\n\n<div class=\"wp-block-uagb-tabs-child uagb-tabs__body-container uagb-inner-tab-2\" aria-labelledby=\"uagb-tabs__tab2\">\n<ul class=\"wp-block-list\">\n<li>Todo texto es mejorable\n<ul class=\"wp-block-list\">\n<li>De qu\u00e9 hablamos cuando hablamos de corregir<\/li>\n\n\n\n<li>No hay correcciones sin incorrecciones<\/li>\n\n\n\n<li>La importancia de un lector externo<\/li>\n<\/ul>\n<\/li>\n\n\n\n<li>\u00bfAn\u00e9cdota o texto literario?\n<ul class=\"wp-block-list\">\n<li>El meollo de la cuesti\u00f3n<\/li>\n\n\n\n<li>Nunca pasa nada hasta que pasa<\/li>\n\n\n\n<li>\u00bfQu\u00e9 pasa cuando algo pasa?<\/li>\n<\/ul>\n<\/li>\n\n\n\n<li>Entretener al lector\n<ul class=\"wp-block-list\">\n<li>Captar la atenci\u00f3n desde el principio<\/li>\n\n\n\n<li>Naturalidad\n<ul class=\"wp-block-list\">\n<li>La invisibilidad del narrador<\/li>\n\n\n\n<li>Las peligrosas imprecaciones<\/li>\n\n\n\n<li>El mejor adjetivo es un buen sustantivo<\/li>\n\n\n\n<li>Los adverbios<\/li>\n<\/ul>\n<\/li>\n\n\n\n<li>Visibilidad\n<ul class=\"wp-block-list\">\n<li>Palabras concretas<\/li>\n\n\n\n<li>Acciones<\/li>\n<\/ul>\n<\/li>\n\n\n\n<li>Huir de lo previsible\n<ul class=\"wp-block-list\">\n<li>Las conversaciones de ascensor, en el ascensor<\/li>\n\n\n\n<li>Caracterizaci\u00f3n de los personajes<\/li>\n<\/ul>\n<\/li>\n<\/ul>\n<\/li>\n\n\n\n<li>Continuidad\n<ul class=\"wp-block-list\">\n<li>Repetir lo que importa<\/li>\n\n\n\n<li>La trama<\/li>\n\n\n\n<li>Velocidades narrativas<\/li>\n\n\n\n<li>Ambientaci\u00f3n y descripci\u00f3n al servicio de la historia<\/li>\n\n\n\n<li>Tenemos que hablar<\/li>\n<\/ul>\n<\/li>\n\n\n\n<li>Vestido de domingo\n<ul class=\"wp-block-list\">\n<li>Los p\u00e1rrafos tambi\u00e9n existen<\/li>\n\n\n\n<li>Frase no hay m\u00e1s que una<\/li>\n\n\n\n<li>La disposici\u00f3n de las palabras<\/li>\n<\/ul>\n<\/li>\n\n\n\n<li>Cierra la puerta y el cuento al salir\n<ul class=\"wp-block-list\">\n<li>Color\u00edn colorado<\/li>\n\n\n\n<li>La importancia de llamarse Ernesto<\/li>\n<\/ul>\n<\/li>\n<\/ul>\n<\/div>\n\n\n\n<div class=\"wp-block-uagb-tabs-child uagb-tabs__body-container uagb-inner-tab-3\" aria-labelledby=\"uagb-tabs__tab3\">\n<p>El taller se desarrolla por medio de <strong>una clase de 1,5 h de duraci\u00f3n a la semana<\/strong>, a lo largo de nueve meses (de octubre a junio), y los grupos son reducidos, de entre 6 y 10 participantes cada uno.<\/p>\n\n\n\n<h5 class=\"wp-block-heading\">Modalidad presencial:<\/h5>\n\n\n\n<ul class=\"wp-block-list\">\n<li>Martes: 19:00 h &#8211; 20:30 h<\/li>\n\n\n\n<li>Jueves: 17:30 h \u2013 19:00 h<\/li>\n<\/ul>\n\n\n\n<p>Si no te viene bien el horario, escr\u00edbenos a info@casatomada.es y te avisaremos si se abre alg\u00fan grupo nuevo.<\/p>\n<\/div>\n\n\n\n<div class=\"wp-block-uagb-tabs-child uagb-tabs__body-container uagb-inner-tab-4\" aria-labelledby=\"uagb-tabs__tab4\">\n<div class=\"wp-block-uagb-info-box uagb-block-d3d820b5 uagb-infobox__content-wrap  uagb-infobox-icon-above-title uagb-infobox-image-valign-top\"><div class=\"uagb-ifb-content\"><div class=\"uagb-ifb-icon-wrap\"><svg xmlns=\"https:\/\/www.w3.org\/2000\/svg\" viewBox=\"0 0 512 512\"><path d=\"M512 80C512 98.01 497.7 114.6 473.6 128C444.5 144.1 401.2 155.5 351.3 158.9C347.7 157.2 343.9 155.5 340.1 153.9C300.6 137.4 248.2 128 192 128C183.7 128 175.6 128.2 167.5 128.6L166.4 128C142.3 114.6 128 98.01 128 80C128 35.82 213.1 0 320 0C426 0 512 35.82 512 80V80zM160.7 161.1C170.9 160.4 181.3 160 192 160C254.2 160 309.4 172.3 344.5 191.4C369.3 204.9 384 221.7 384 240C384 243.1 383.3 247.9 381.9 251.7C377.3 264.9 364.1 277 346.9 287.3C346.9 287.3 346.9 287.3 346.9 287.3C346.8 287.3 346.6 287.4 346.5 287.5L346.5 287.5C346.2 287.7 345.9 287.8 345.6 288C310.6 307.4 254.8 320 192 320C132.4 320 79.06 308.7 43.84 290.9C41.97 289.9 40.15 288.1 38.39 288C14.28 274.6 0 258 0 240C0 205.2 53.43 175.5 128 164.6C138.5 163 149.4 161.8 160.7 161.1L160.7 161.1zM391.9 186.6C420.2 182.2 446.1 175.2 468.1 166.1C484.4 159.3 499.5 150.9 512 140.6V176C512 195.3 495.5 213.1 468.2 226.9C453.5 234.3 435.8 240.5 415.8 245.3C415.9 243.6 416 241.8 416 240C416 218.1 405.4 200.1 391.9 186.6V186.6zM384 336C384 354 369.7 370.6 345.6 384C343.8 384.1 342 385.9 340.2 386.9C304.9 404.7 251.6 416 192 416C129.2 416 73.42 403.4 38.39 384C14.28 370.6 .0003 354 .0003 336V300.6C12.45 310.9 27.62 319.3 43.93 326.1C83.44 342.6 135.8 352 192 352C248.2 352 300.6 342.6 340.1 326.1C347.9 322.9 355.4 319.2 362.5 315.2C368.6 311.8 374.3 308 379.7 304C381.2 302.9 382.6 301.7 384 300.6L384 336zM416 278.1C434.1 273.1 452.5 268.6 468.1 262.1C484.4 255.3 499.5 246.9 512 236.6V272C512 282.5 507 293 497.1 302.9C480.8 319.2 452.1 332.6 415.8 341.3C415.9 339.6 416 337.8 416 336V278.1zM192 448C248.2 448 300.6 438.6 340.1 422.1C356.4 415.3 371.5 406.9 384 396.6V432C384 476.2 298 512 192 512C85.96 512 .0003 476.2 .0003 432V396.6C12.45 406.9 27.62 415.3 43.93 422.1C83.44 438.6 135.8 448 192 448z\"><\/path><\/svg><\/div><div class=\"uagb-ifb-title-wrap\"><h3 class=\"uagb-ifb-title\"><strong>Precio del taller<\/strong><\/h3><\/div><p class=\"uagb-ifb-desc\"><strong>Taller: 70 \u20ac \/ mes<\/strong><\/p><div class=\"uagb-ifb-separator\"><\/div><\/div><\/div>\n\n\n\n<div class=\"wp-block-uagb-info-box uagb-block-09efb471 uagb-infobox__content-wrap  uagb-infobox-icon-above-title uagb-infobox-image-valign-top\"><div class=\"uagb-ifb-content\"><div class=\"uagb-ifb-icon-wrap\"><svg xmlns=\"https:\/\/www.w3.org\/2000\/svg\" viewBox=\"0 0 512 512\"><path d=\"M256 0C114.6 0 0 114.6 0 256s114.6 256 256 256s256-114.6 256-256S397.4 0 256 0zM256 128c17.67 0 32 14.33 32 32c0 17.67-14.33 32-32 32S224 177.7 224 160C224 142.3 238.3 128 256 128zM296 384h-80C202.8 384 192 373.3 192 360s10.75-24 24-24h16v-64H224c-13.25 0-24-10.75-24-24S210.8 224 224 224h32c13.25 0 24 10.75 24 24v88h16c13.25 0 24 10.75 24 24S309.3 384 296 384z\"><\/path><\/svg><\/div><div class=\"uagb-ifb-title-wrap\"><h3 class=\"uagb-ifb-title\"><strong>M\u00e1s informaci\u00f3n<\/strong><\/h3><\/div><p class=\"uagb-ifb-desc\"><strong>\u00b7 Inicio del curso:<\/strong> Semana del 6 de octubre.<br><strong>\u00b7 Duraci\u00f3n:<\/strong> De octubre a junio (nueve meses).<br><strong>\u00b7 Nota:<\/strong> Los alumnos pueden incorporarse al taller una vez iniciado siempre y cuando haya plazas disponibles. La permanencia m\u00ednima en el taller es de un mes.<br><strong>\u00b7 \u00bfTienes m\u00e1s dudas?<\/strong> Echa un vistazo a las <a href=\"https:\/\/casatomada.es\/talleres\/inscripciones\/\" data-type=\"page\" data-id=\"136\">preguntas frecuentes<\/a>.<\/p><div class=\"uagb-ifb-separator\"><\/div><\/div><\/div>\n\n\n\n<div class=\"wp-block-uagb-info-box uagb-block-a56cb07e uagb-infobox__content-wrap  uagb-infobox-icon-above-title uagb-infobox-image-valign-top\"><div class=\"uagb-ifb-content\"><div class=\"uagb-ifb-icon-wrap\"><svg xmlns=\"https:\/\/www.w3.org\/2000\/svg\" viewBox=\"0 0 512 512\"><path d=\"M511.2 387l-23.25 100.8c-3.266 14.25-15.79 24.22-30.46 24.22C205.2 512 0 306.8 0 54.5c0-14.66 9.969-27.2 24.22-30.45l100.8-23.25C139.7-2.602 154.7 5.018 160.8 18.92l46.52 108.5c5.438 12.78 1.77 27.67-8.98 36.45L144.5 207.1c33.98 69.22 90.26 125.5 159.5 159.5l44.08-53.8c8.688-10.78 23.69-14.51 36.47-8.975l108.5 46.51C506.1 357.2 514.6 372.4 511.2 387z\"><\/path><\/svg><\/div><div class=\"uagb-ifb-title-wrap\"><h3 class=\"uagb-ifb-title\"><strong><strong>Consultas e inscripciones: info@casatomada.es \u00b7 955 517 057<\/strong><\/strong><\/h3><\/div><\/div><\/div>\n<\/div>\n<\/div><\/div>\n<\/div>\n<\/div>\n\n\n\n<p><\/p>\n","protected":false},"excerpt":{"rendered":"","protected":false},"author":1,"featured_media":1083,"comment_status":"closed","ping_status":"open","sticky":false,"template":"","format":"standard","meta":{"_uag_custom_page_level_css":"","footnotes":""},"categories":[5],"tags":[],"class_list":["post-216","post","type-post","status-publish","format-standard","has-post-thumbnail","hentry","category-talleres-de-escritura"],"uagb_featured_image_src":{"full":["http:\/\/casatomada.es\/talleres\/wp-content\/uploads\/2023\/09\/RELATO.png",500,500,false],"thumbnail":["http:\/\/casatomada.es\/talleres\/wp-content\/uploads\/2023\/09\/RELATO-150x150.png",150,150,true],"medium":["http:\/\/casatomada.es\/talleres\/wp-content\/uploads\/2023\/09\/RELATO-300x300.png",300,300,true],"medium_large":["http:\/\/casatomada.es\/talleres\/wp-content\/uploads\/2023\/09\/RELATO.png",500,500,false],"large":["http:\/\/casatomada.es\/talleres\/wp-content\/uploads\/2023\/09\/RELATO.png",500,500,false],"1536x1536":["http:\/\/casatomada.es\/talleres\/wp-content\/uploads\/2023\/09\/RELATO.png",500,500,false],"2048x2048":["http:\/\/casatomada.es\/talleres\/wp-content\/uploads\/2023\/09\/RELATO.png",500,500,false]},"uagb_author_info":{"display_name":"admin","author_link":"http:\/\/casatomada.es\/talleres\/author\/admin\/"},"uagb_comment_info":0,"uagb_excerpt":null,"_links":{"self":[{"href":"http:\/\/casatomada.es\/talleres\/wp-json\/wp\/v2\/posts\/216","targetHints":{"allow":["GET"]}}],"collection":[{"href":"http:\/\/casatomada.es\/talleres\/wp-json\/wp\/v2\/posts"}],"about":[{"href":"http:\/\/casatomada.es\/talleres\/wp-json\/wp\/v2\/types\/post"}],"author":[{"embeddable":true,"href":"http:\/\/casatomada.es\/talleres\/wp-json\/wp\/v2\/users\/1"}],"replies":[{"embeddable":true,"href":"http:\/\/casatomada.es\/talleres\/wp-json\/wp\/v2\/comments?post=216"}],"version-history":[{"count":18,"href":"http:\/\/casatomada.es\/talleres\/wp-json\/wp\/v2\/posts\/216\/revisions"}],"predecessor-version":[{"id":1117,"href":"http:\/\/casatomada.es\/talleres\/wp-json\/wp\/v2\/posts\/216\/revisions\/1117"}],"wp:featuredmedia":[{"embeddable":true,"href":"http:\/\/casatomada.es\/talleres\/wp-json\/wp\/v2\/media\/1083"}],"wp:attachment":[{"href":"http:\/\/casatomada.es\/talleres\/wp-json\/wp\/v2\/media?parent=216"}],"wp:term":[{"taxonomy":"category","embeddable":true,"href":"http:\/\/casatomada.es\/talleres\/wp-json\/wp\/v2\/categories?post=216"},{"taxonomy":"post_tag","embeddable":true,"href":"http:\/\/casatomada.es\/talleres\/wp-json\/wp\/v2\/tags?post=216"}],"curies":[{"name":"wp","href":"https:\/\/api.w.org\/{rel}","templated":true}]}}