{"id":235,"date":"2023-10-18T15:39:41","date_gmt":"2023-10-18T15:39:41","guid":{"rendered":"http:\/\/casatomada.es\/talleres\/?p=235"},"modified":"2025-10-13T11:53:31","modified_gmt":"2025-10-13T11:53:31","slug":"taller-de-introduccion-a-la-escritura-poetica","status":"publish","type":"post","link":"http:\/\/casatomada.es\/talleres\/taller-de-introduccion-a-la-escritura-poetica\/","title":{"rendered":"Costura de hormigas en la hierba &#8211; Poes\u00eda y paisaje"},"content":{"rendered":"\n<div class=\"wp-block-uagb-tabs uagb-block-eb2a87d2 uagb-tabs__wrap uagb-tabs__hstyle1-desktop uagb-tabs__vstyle6-tablet uagb-tabs__stack1-mobile\" data-tab-active=\"0\"><ul class=\"uagb-tabs__panel uagb-tabs__align-left\" role=\"tablist\"><li class=\"uagb-tab uagb-tabs__active\" role=\"none\"><a href=\"#uagb-tabs__tab0\" class=\"uagb-tabs-list uagb-tabs__icon-position-left\" data-tab=\"0\" role=\"tab\"><div>Presentaci\u00f3n<\/div><\/a><\/li><li class=\"uagb-tab \" role=\"none\"><a href=\"#uagb-tabs__tab1\" class=\"uagb-tabs-list uagb-tabs__icon-position-left\" data-tab=\"1\" role=\"tab\"><div>Desarrollo<\/div><\/a><\/li><li class=\"uagb-tab \" role=\"none\"><a href=\"#uagb-tabs__tab2\" class=\"uagb-tabs-list uagb-tabs__icon-position-left\" data-tab=\"2\" role=\"tab\"><div>Contenido<\/div><\/a><\/li><li class=\"uagb-tab \" role=\"none\"><a href=\"#uagb-tabs__tab3\" class=\"uagb-tabs-list uagb-tabs__icon-position-left\" data-tab=\"3\" role=\"tab\"><div>Duraci\u00f3n y horarios<\/div><\/a><\/li><li class=\"uagb-tab \" role=\"none\"><a href=\"#uagb-tabs__tab4\" class=\"uagb-tabs-list uagb-tabs__icon-position-left\" data-tab=\"4\" role=\"tab\"><div>Matr\u00edcula<\/div><\/a><\/li><\/ul><div class=\"uagb-tabs__body-wrap\">\n<div class=\"wp-block-uagb-tabs-child uagb-tabs__body-container uagb-inner-tab-0\" aria-labelledby=\"uagb-tabs__tab0\">\n<div class=\"wp-block-media-text is-stacked-on-mobile is-vertically-aligned-top\" style=\"grid-template-columns:30% auto\"><figure  class=\"wp-block-media-text__media\"><img loading=\"lazy\" decoding=\"async\" width=\"500\" height=\"500\" alt=\"\" src=\"http:\/\/casatomada.es\/talleres\/wp-content\/uploads\/2023\/09\/ESCRITURA-POETICA.png\" class=\"wp-image-1086 size-full\" srcset=\"http:\/\/casatomada.es\/talleres\/wp-content\/uploads\/2023\/09\/ESCRITURA-POETICA.png 500w, http:\/\/casatomada.es\/talleres\/wp-content\/uploads\/2023\/09\/ESCRITURA-POETICA-300x300.png 300w, http:\/\/casatomada.es\/talleres\/wp-content\/uploads\/2023\/09\/ESCRITURA-POETICA-150x150.png 150w\" sizes=\"auto, (max-width: 500px) 100vw, 500px\" \/><\/figure><div class=\"wp-block-media-text__content\">\n<p>El paisaje concede a la poes\u00eda la materia prima para sus creaciones, convirti\u00e9ndolo a trav\u00e9s de las met\u00e1foras, la personificaci\u00f3n y otras figuras literarias, en emociones. El<br>paisaje exterior nos condiciona, de tal manera que nuestro estado de \u00e1nimo suele variar dependiendo del lugar en el que nos encontremos. Pero  tambi\u00e9n existe un paisaje interior, un lugar donde ser nosotras y nosotros mismos, donde nos encantar\u00eda volver o donde nos gustar\u00eda dejar de estar. El paisaje pasa de ser algo tangible a ser un s\u00edmbolo en s\u00ed mismo.<\/p>\n\n\n\n<p>Este taller tiene como objetivo reflexionar sobre la relaci\u00f3n entre poes\u00eda y paisaje, partiendo del poema de Wislawa Szymborska titulado \u201cPuede ser sin t\u00edtulo\u201d, de uno de cuyos versos toma t\u00edtulo este taller.<\/p>\n\n\n\n<h5 class=\"wp-block-heading\"><strong>\u00bfA qui\u00e9n va dirigido?<\/strong><\/h5>\n\n\n\n<p>Cualquier persona interesada en la poes\u00eda, haya dado ya o no el salto a escribirla, podr\u00e1 encontrar en este taller un espacio de encuentro alrededor de ella donde poder hallar instrumentos tanto para el an\u00e1lisis como para la elaboraci\u00f3n y correcci\u00f3n de sus propios poemas.<\/p>\n\n\n\n<p>El taller lo imparte la poeta <strong>Carmen Ramos, <\/strong>quien ha colaborado en diversas convocatorias de fomento a la lectura a trav\u00e9s de la Asociaci\u00f3n \u201cFahrenheit 451 \u2013 Las personas libro de Sevilla\u201d y ahora  desde \u201cLa Biblioteca de Babel\u201d.  Desde el a\u00f1o 2014 organiza talleres de iniciaci\u00f3n a<br>la poes\u00eda y coordin\u00f3 el festival de poes\u00eda \u201cCompletamente viernes\u201d (2018-2019) y es la responsable de la newsletter de poes\u00eda \u00a1Por fin es viernes!<\/p>\n\n\n\n<p><em>Manual de escritura po\u00e9tica<\/em> (Berenice, 2025) es su \u00faltimo libro publicado, donde recoge ejercicios pr\u00e1cticos de los distintos talleres que ha impartido, as\u00ed como otros de nueva creaci\u00f3n.<\/p>\n<\/div><\/div>\n<\/div>\n\n\n\n<div class=\"wp-block-uagb-tabs-child uagb-tabs__body-container uagb-inner-tab-1\" aria-labelledby=\"uagb-tabs__tab1\">\n<p>Fomentando el debate, cada semana trabajaremos en torno a un aspecto te\u00f3rico apoyado por varias lecturas relacionadas. A partir de esto, se propondr\u00e1 un ejercicio pr\u00e1ctico que se corregir\u00e1 en la clase siguiente. Cada tema consta de esas tres fichas: teor\u00eda, lectura y una pr\u00e1ctica explicada. Todos los materiales ser\u00e1n facilitados al alumnado quien, adem\u00e1s de las sesiones por videoconferencia, tendr\u00e1 una plataforma virtual donde compartir impresiones y recursos con el resto de la clase.<\/p>\n<\/div>\n\n\n\n<div class=\"wp-block-uagb-tabs-child uagb-tabs__body-container uagb-inner-tab-2\" aria-labelledby=\"uagb-tabs__tab2\">\n<ul class=\"wp-block-list\">\n<li>Los inicios: Presentaci\u00f3n del taller y reflexi\u00f3n c\u00f3mo se inicia un poema.<\/li>\n\n\n\n<li>Lo breve: A trav\u00e9s de un ejercicio de escritura autom\u00e1tica iremos centrando el tema del taller.<\/li>\n\n\n\n<li>La ciudad: Ejercicios sobre el paisaje urbano, intentando adem\u00e1s ir entrenando la mirada y fijando nuestro estilo a trav\u00e9s de la elaboraci\u00f3n de adivinanzas.<\/li>\n\n\n\n<li>Los museos: En esta sesi\u00f3n vamos a fijar la relaci\u00f3n tema, estilo y voz propia utilizando diversas im\u00e1genes de paisajes, tanto realistas como abstractos.<\/li>\n\n\n\n<li>Lo rural: En esta sesi\u00f3n vamos a estudiar el ritmo mediante la observaci\u00f3n de la meteorolog\u00eda y la creaci\u00f3n de refranes propios.<\/li>\n\n\n\n<li>Haikus: El haiku como forma de integrar de forma natural el paisaje en la poes\u00eda.<\/li>\n\n\n\n<li>Lo imperfecto: Esta sesi\u00f3n la dedicaremos a corregir los poemas que hayamos escrito durante el taller, desde una postura respetuosa y constructiva.<\/li>\n\n\n\n<li>Recital fin de taller.<\/li>\n<\/ul>\n<\/div>\n\n\n\n<div class=\"wp-block-uagb-tabs-child uagb-tabs__body-container uagb-inner-tab-3\" aria-labelledby=\"uagb-tabs__tab3\">\n<p>El taller se desarrolla por medio de <strong>una clase de 1,5 h de duraci\u00f3n a la semana<\/strong>, a lo largo de dos mesesmeses (de octubre a diciembre), y los grupos son reducidos.<\/p>\n\n\n\n<h5 class=\"wp-block-heading\">Modalidad presencial (comienzo 29 de octubre):<\/h5>\n\n\n\n<ul class=\"wp-block-list\">\n<li>Mi\u00e9rcoles de 19:00 a 21:00<\/li>\n<\/ul>\n\n\n\n<p>Si no te viene bien el horario, escr\u00edbenos a info@casatomada.es y te avisaremos si se abre alg\u00fan grupo nuevo.<\/p>\n<\/div>\n\n\n\n<div class=\"wp-block-uagb-tabs-child uagb-tabs__body-container uagb-inner-tab-4\" aria-labelledby=\"uagb-tabs__tab4\">\n<div class=\"wp-block-uagb-info-box uagb-block-d3d820b5 uagb-infobox__content-wrap  uagb-infobox-icon-above-title uagb-infobox-image-valign-top\"><div class=\"uagb-ifb-content\"><div class=\"uagb-ifb-icon-wrap\"><svg xmlns=\"https:\/\/www.w3.org\/2000\/svg\" viewBox=\"0 0 512 512\"><path d=\"M512 80C512 98.01 497.7 114.6 473.6 128C444.5 144.1 401.2 155.5 351.3 158.9C347.7 157.2 343.9 155.5 340.1 153.9C300.6 137.4 248.2 128 192 128C183.7 128 175.6 128.2 167.5 128.6L166.4 128C142.3 114.6 128 98.01 128 80C128 35.82 213.1 0 320 0C426 0 512 35.82 512 80V80zM160.7 161.1C170.9 160.4 181.3 160 192 160C254.2 160 309.4 172.3 344.5 191.4C369.3 204.9 384 221.7 384 240C384 243.1 383.3 247.9 381.9 251.7C377.3 264.9 364.1 277 346.9 287.3C346.9 287.3 346.9 287.3 346.9 287.3C346.8 287.3 346.6 287.4 346.5 287.5L346.5 287.5C346.2 287.7 345.9 287.8 345.6 288C310.6 307.4 254.8 320 192 320C132.4 320 79.06 308.7 43.84 290.9C41.97 289.9 40.15 288.1 38.39 288C14.28 274.6 0 258 0 240C0 205.2 53.43 175.5 128 164.6C138.5 163 149.4 161.8 160.7 161.1L160.7 161.1zM391.9 186.6C420.2 182.2 446.1 175.2 468.1 166.1C484.4 159.3 499.5 150.9 512 140.6V176C512 195.3 495.5 213.1 468.2 226.9C453.5 234.3 435.8 240.5 415.8 245.3C415.9 243.6 416 241.8 416 240C416 218.1 405.4 200.1 391.9 186.6V186.6zM384 336C384 354 369.7 370.6 345.6 384C343.8 384.1 342 385.9 340.2 386.9C304.9 404.7 251.6 416 192 416C129.2 416 73.42 403.4 38.39 384C14.28 370.6 .0003 354 .0003 336V300.6C12.45 310.9 27.62 319.3 43.93 326.1C83.44 342.6 135.8 352 192 352C248.2 352 300.6 342.6 340.1 326.1C347.9 322.9 355.4 319.2 362.5 315.2C368.6 311.8 374.3 308 379.7 304C381.2 302.9 382.6 301.7 384 300.6L384 336zM416 278.1C434.1 273.1 452.5 268.6 468.1 262.1C484.4 255.3 499.5 246.9 512 236.6V272C512 282.5 507 293 497.1 302.9C480.8 319.2 452.1 332.6 415.8 341.3C415.9 339.6 416 337.8 416 336V278.1zM192 448C248.2 448 300.6 438.6 340.1 422.1C356.4 415.3 371.5 406.9 384 396.6V432C384 476.2 298 512 192 512C85.96 512 .0003 476.2 .0003 432V396.6C12.45 406.9 27.62 415.3 43.93 422.1C83.44 438.6 135.8 448 192 448z\"><\/path><\/svg><\/div><div class=\"uagb-ifb-title-wrap\"><h3 class=\"uagb-ifb-title\"><strong>Precio del taller<\/strong><\/h3><\/div><p class=\"uagb-ifb-desc\"><strong>Taller completo (8 sesiones)<\/strong>: 140\u20ac<\/p><div class=\"uagb-ifb-separator\"><\/div><\/div><\/div>\n\n\n\n<div class=\"wp-block-uagb-info-box uagb-block-09efb471 uagb-infobox__content-wrap  uagb-infobox-icon-above-title uagb-infobox-image-valign-top\"><div class=\"uagb-ifb-content\"><div class=\"uagb-ifb-icon-wrap\"><svg xmlns=\"https:\/\/www.w3.org\/2000\/svg\" viewBox=\"0 0 512 512\"><path d=\"M256 0C114.6 0 0 114.6 0 256s114.6 256 256 256s256-114.6 256-256S397.4 0 256 0zM256 128c17.67 0 32 14.33 32 32c0 17.67-14.33 32-32 32S224 177.7 224 160C224 142.3 238.3 128 256 128zM296 384h-80C202.8 384 192 373.3 192 360s10.75-24 24-24h16v-64H224c-13.25 0-24-10.75-24-24S210.8 224 224 224h32c13.25 0 24 10.75 24 24v88h16c13.25 0 24 10.75 24 24S309.3 384 296 384z\"><\/path><\/svg><\/div><div class=\"uagb-ifb-title-wrap\"><h3 class=\"uagb-ifb-title\"><strong>M\u00e1s informaci\u00f3n<\/strong><\/h3><\/div><p class=\"uagb-ifb-desc\"><strong>Inicio del curso:<\/strong> Mi\u00e9rcoles 29 de octubre<br><strong>Duraci\u00f3n:<\/strong> del 29 de octubre al 17 de diciembre (8 semanas)<br><br><strong>\u00bfTienes m\u00e1s dudas?<\/strong> Echa un vistazo a las <a href=\"https:\/\/casatomada.es\/talleres\/inscripciones\/\" data-type=\"link\" data-id=\"https:\/\/casatomada.es\/talleres\/inscripciones\/\">preguntas frecuentes<\/a>.<\/p><div class=\"uagb-ifb-separator\"><\/div><\/div><\/div>\n\n\n\n<div class=\"wp-block-uagb-info-box uagb-block-a56cb07e uagb-infobox__content-wrap  uagb-infobox-icon-above-title uagb-infobox-image-valign-top\"><div class=\"uagb-ifb-content\"><div class=\"uagb-ifb-icon-wrap\"><svg xmlns=\"https:\/\/www.w3.org\/2000\/svg\" viewBox=\"0 0 512 512\"><path d=\"M511.2 387l-23.25 100.8c-3.266 14.25-15.79 24.22-30.46 24.22C205.2 512 0 306.8 0 54.5c0-14.66 9.969-27.2 24.22-30.45l100.8-23.25C139.7-2.602 154.7 5.018 160.8 18.92l46.52 108.5c5.438 12.78 1.77 27.67-8.98 36.45L144.5 207.1c33.98 69.22 90.26 125.5 159.5 159.5l44.08-53.8c8.688-10.78 23.69-14.51 36.47-8.975l108.5 46.51C506.1 357.2 514.6 372.4 511.2 387z\"><\/path><\/svg><\/div><div class=\"uagb-ifb-title-wrap\"><h3 class=\"uagb-ifb-title\"><strong><strong>Consultas e inscripciones: info@casatomada.es \u00b7 955 517 057<\/strong><\/strong><\/h3><\/div><\/div><\/div>\n<\/div>\n<\/div><\/div>\n\n\n\n<p><\/p>\n","protected":false},"excerpt":{"rendered":"","protected":false},"author":1,"featured_media":1086,"comment_status":"closed","ping_status":"open","sticky":false,"template":"","format":"standard","meta":{"_uag_custom_page_level_css":"","footnotes":""},"categories":[5,8],"tags":[],"class_list":["post-235","post","type-post","status-publish","format-standard","has-post-thumbnail","hentry","category-talleres-de-escritura","category-talleres-online"],"uagb_featured_image_src":{"full":["http:\/\/casatomada.es\/talleres\/wp-content\/uploads\/2023\/09\/ESCRITURA-POETICA.png",500,500,false],"thumbnail":["http:\/\/casatomada.es\/talleres\/wp-content\/uploads\/2023\/09\/ESCRITURA-POETICA-150x150.png",150,150,true],"medium":["http:\/\/casatomada.es\/talleres\/wp-content\/uploads\/2023\/09\/ESCRITURA-POETICA-300x300.png",300,300,true],"medium_large":["http:\/\/casatomada.es\/talleres\/wp-content\/uploads\/2023\/09\/ESCRITURA-POETICA.png",500,500,false],"large":["http:\/\/casatomada.es\/talleres\/wp-content\/uploads\/2023\/09\/ESCRITURA-POETICA.png",500,500,false],"1536x1536":["http:\/\/casatomada.es\/talleres\/wp-content\/uploads\/2023\/09\/ESCRITURA-POETICA.png",500,500,false],"2048x2048":["http:\/\/casatomada.es\/talleres\/wp-content\/uploads\/2023\/09\/ESCRITURA-POETICA.png",500,500,false]},"uagb_author_info":{"display_name":"admin","author_link":"http:\/\/casatomada.es\/talleres\/author\/admin\/"},"uagb_comment_info":0,"uagb_excerpt":null,"_links":{"self":[{"href":"http:\/\/casatomada.es\/talleres\/wp-json\/wp\/v2\/posts\/235","targetHints":{"allow":["GET"]}}],"collection":[{"href":"http:\/\/casatomada.es\/talleres\/wp-json\/wp\/v2\/posts"}],"about":[{"href":"http:\/\/casatomada.es\/talleres\/wp-json\/wp\/v2\/types\/post"}],"author":[{"embeddable":true,"href":"http:\/\/casatomada.es\/talleres\/wp-json\/wp\/v2\/users\/1"}],"replies":[{"embeddable":true,"href":"http:\/\/casatomada.es\/talleres\/wp-json\/wp\/v2\/comments?post=235"}],"version-history":[{"count":16,"href":"http:\/\/casatomada.es\/talleres\/wp-json\/wp\/v2\/posts\/235\/revisions"}],"predecessor-version":[{"id":1125,"href":"http:\/\/casatomada.es\/talleres\/wp-json\/wp\/v2\/posts\/235\/revisions\/1125"}],"wp:featuredmedia":[{"embeddable":true,"href":"http:\/\/casatomada.es\/talleres\/wp-json\/wp\/v2\/media\/1086"}],"wp:attachment":[{"href":"http:\/\/casatomada.es\/talleres\/wp-json\/wp\/v2\/media?parent=235"}],"wp:term":[{"taxonomy":"category","embeddable":true,"href":"http:\/\/casatomada.es\/talleres\/wp-json\/wp\/v2\/categories?post=235"},{"taxonomy":"post_tag","embeddable":true,"href":"http:\/\/casatomada.es\/talleres\/wp-json\/wp\/v2\/tags?post=235"}],"curies":[{"name":"wp","href":"https:\/\/api.w.org\/{rel}","templated":true}]}}