{"id":351,"date":"2024-04-05T11:39:33","date_gmt":"2024-04-05T11:39:33","guid":{"rendered":"http:\/\/casatomada.es\/talleres\/?p=351"},"modified":"2025-04-10T11:35:34","modified_gmt":"2025-04-10T11:35:34","slug":"un-requiem-europeo-indice-y-partitura-con-javier-saez-de-ibarra","status":"publish","type":"post","link":"http:\/\/casatomada.es\/talleres\/un-requiem-europeo-indice-y-partitura-con-javier-saez-de-ibarra\/","title":{"rendered":"\u00abUn r\u00e9quiem europeo. \u00cdndice y partitura\u00bb, con Javier S\u00e1ez de Ibarra"},"content":{"rendered":"\n<div style=\"height:20px\" aria-hidden=\"true\" class=\"wp-block-spacer\"><\/div>\n\n\n\n<div class=\"wp-block-columns is-layout-flex wp-container-core-columns-is-layout-1 wp-block-columns-is-layout-flex\">\n<div class=\"wp-block-column is-layout-flow wp-block-column-is-layout-flow\" style=\"flex-basis:33.33%\">\n<figure class=\"wp-block-image size-large\"><img loading=\"lazy\" decoding=\"async\" width=\"1024\" height=\"1024\" src=\"http:\/\/casatomada.es\/talleres\/wp-content\/uploads\/2024\/04\/24-03-13-SAEZIBARRA_Sevilla_Casatomada-1024x1024.jpg\" alt=\"\" class=\"wp-image-352\" srcset=\"http:\/\/casatomada.es\/talleres\/wp-content\/uploads\/2024\/04\/24-03-13-SAEZIBARRA_Sevilla_Casatomada-1024x1024.jpg 1024w, http:\/\/casatomada.es\/talleres\/wp-content\/uploads\/2024\/04\/24-03-13-SAEZIBARRA_Sevilla_Casatomada-300x300.jpg 300w, http:\/\/casatomada.es\/talleres\/wp-content\/uploads\/2024\/04\/24-03-13-SAEZIBARRA_Sevilla_Casatomada-150x150.jpg 150w, http:\/\/casatomada.es\/talleres\/wp-content\/uploads\/2024\/04\/24-03-13-SAEZIBARRA_Sevilla_Casatomada-768x768.jpg 768w, http:\/\/casatomada.es\/talleres\/wp-content\/uploads\/2024\/04\/24-03-13-SAEZIBARRA_Sevilla_Casatomada.jpg 1080w\" sizes=\"auto, (max-width: 1024px) 100vw, 1024px\" \/><\/figure>\n<\/div>\n\n\n\n<div class=\"wp-block-column is-layout-flow wp-block-column-is-layout-flow\" style=\"flex-basis:66.66%\">\n<p><strong>Qu\u00e9:<\/strong> Un taller de escritura de 1,5 h de duraci\u00f3n en torno a la po\u00e9tica del autor, que \u00e9l mismo define a partir de la siguiente idea: \u00abde una composici\u00f3n musical a un libro de cuentos. Un trabajo con la estructura\u00bb.<\/p>\n\n\n\n<p><strong>Participantes: <\/strong>El taller estar\u00e1 impartido por el escritor Javier S\u00e1ez de Ibarra, especialmente conocido por sus relatos breves. Ha sido galardonado con el I Premio Internacional de Narrativa Breve Ribera del Duero en 2009, y con el Premio Setenil en 2014.<\/p>\n\n\n\n<p><strong>Cu\u00e1ndo: <\/strong>Mi\u00e9rcoles 13 de marzo.<\/p>\n\n\n\n<p><strong>D\u00f3nde: <\/strong>Librer\u00eda Casa Tomada.<\/p>\n\n\n\n<p><strong>Actividad gratuita con la compra del libro <em>Un r\u00e9quiem europeo<\/em> (P\u00e1ginas de Espuma, 2024). Inscripciones en info@casatomada.es.<\/strong><\/p>\n\n\n\n<p><strong><em>Esta actividad se realiza gracias a la ayuda del Instituto de la Cultura y las Artes de Sevilla (ICAS)<\/em><\/strong><\/p>\n<\/div>\n<\/div>\n","protected":false},"excerpt":{"rendered":"<p>Qu\u00e9: Un taller de escritura de 1,5 h de duraci\u00f3n en torno a la po\u00e9tica del autor, que \u00e9l mismo define a partir de la siguiente idea: \u00abde una composici\u00f3n musical a un libro de cuentos. Un trabajo con la estructura\u00bb. Participantes: El taller estar\u00e1 impartido por el escritor Javier S\u00e1ez de Ibarra, especialmente conocido [&hellip;]<\/p>\n","protected":false},"author":1,"featured_media":352,"comment_status":"closed","ping_status":"open","sticky":false,"template":"","format":"standard","meta":{"_uag_custom_page_level_css":"","footnotes":""},"categories":[9],"tags":[],"class_list":["post-351","post","type-post","status-publish","format-standard","has-post-thumbnail","hentry","category-talleres-expres"],"uagb_featured_image_src":{"full":["http:\/\/casatomada.es\/talleres\/wp-content\/uploads\/2024\/04\/24-03-13-SAEZIBARRA_Sevilla_Casatomada.jpg",1080,1080,false],"thumbnail":["http:\/\/casatomada.es\/talleres\/wp-content\/uploads\/2024\/04\/24-03-13-SAEZIBARRA_Sevilla_Casatomada-150x150.jpg",150,150,true],"medium":["http:\/\/casatomada.es\/talleres\/wp-content\/uploads\/2024\/04\/24-03-13-SAEZIBARRA_Sevilla_Casatomada-300x300.jpg",300,300,true],"medium_large":["http:\/\/casatomada.es\/talleres\/wp-content\/uploads\/2024\/04\/24-03-13-SAEZIBARRA_Sevilla_Casatomada-768x768.jpg",768,768,true],"large":["http:\/\/casatomada.es\/talleres\/wp-content\/uploads\/2024\/04\/24-03-13-SAEZIBARRA_Sevilla_Casatomada-1024x1024.jpg",1024,1024,true],"1536x1536":["http:\/\/casatomada.es\/talleres\/wp-content\/uploads\/2024\/04\/24-03-13-SAEZIBARRA_Sevilla_Casatomada.jpg",1080,1080,false],"2048x2048":["http:\/\/casatomada.es\/talleres\/wp-content\/uploads\/2024\/04\/24-03-13-SAEZIBARRA_Sevilla_Casatomada.jpg",1080,1080,false]},"uagb_author_info":{"display_name":"admin","author_link":"http:\/\/casatomada.es\/talleres\/author\/admin\/"},"uagb_comment_info":0,"uagb_excerpt":"Qu\u00e9: Un taller de escritura de 1,5 h de duraci\u00f3n en torno a la po\u00e9tica del autor, que \u00e9l mismo define a partir de la siguiente idea: \u00abde una composici\u00f3n musical a un libro de cuentos. Un trabajo con la estructura\u00bb. Participantes: El taller estar\u00e1 impartido por el escritor Javier S\u00e1ez de Ibarra, especialmente conocido&hellip;","_links":{"self":[{"href":"http:\/\/casatomada.es\/talleres\/wp-json\/wp\/v2\/posts\/351","targetHints":{"allow":["GET"]}}],"collection":[{"href":"http:\/\/casatomada.es\/talleres\/wp-json\/wp\/v2\/posts"}],"about":[{"href":"http:\/\/casatomada.es\/talleres\/wp-json\/wp\/v2\/types\/post"}],"author":[{"embeddable":true,"href":"http:\/\/casatomada.es\/talleres\/wp-json\/wp\/v2\/users\/1"}],"replies":[{"embeddable":true,"href":"http:\/\/casatomada.es\/talleres\/wp-json\/wp\/v2\/comments?post=351"}],"version-history":[{"count":5,"href":"http:\/\/casatomada.es\/talleres\/wp-json\/wp\/v2\/posts\/351\/revisions"}],"predecessor-version":[{"id":998,"href":"http:\/\/casatomada.es\/talleres\/wp-json\/wp\/v2\/posts\/351\/revisions\/998"}],"wp:featuredmedia":[{"embeddable":true,"href":"http:\/\/casatomada.es\/talleres\/wp-json\/wp\/v2\/media\/352"}],"wp:attachment":[{"href":"http:\/\/casatomada.es\/talleres\/wp-json\/wp\/v2\/media?parent=351"}],"wp:term":[{"taxonomy":"category","embeddable":true,"href":"http:\/\/casatomada.es\/talleres\/wp-json\/wp\/v2\/categories?post=351"},{"taxonomy":"post_tag","embeddable":true,"href":"http:\/\/casatomada.es\/talleres\/wp-json\/wp\/v2\/tags?post=351"}],"curies":[{"name":"wp","href":"https:\/\/api.w.org\/{rel}","templated":true}]}}