{"id":44,"date":"2023-09-19T15:32:52","date_gmt":"2023-09-19T15:32:52","guid":{"rendered":"http:\/\/casatomada.es\/talleres\/?p=44"},"modified":"2025-09-29T09:16:10","modified_gmt":"2025-09-29T09:16:10","slug":"iniciacion-a-la-escritura-creativa","status":"publish","type":"post","link":"http:\/\/casatomada.es\/talleres\/iniciacion-a-la-escritura-creativa\/","title":{"rendered":"Iniciaci\u00f3n a la escritura creativa"},"content":{"rendered":"\n<div class=\"wp-block-uagb-tabs uagb-block-55b97765 uagb-tabs__wrap uagb-tabs__hstyle1-desktop uagb-tabs__vstyle6-tablet uagb-tabs__stack1-mobile\" data-tab-active=\"0\"><ul class=\"uagb-tabs__panel uagb-tabs__align-left\" role=\"tablist\"><li class=\"uagb-tab uagb-tabs__active\" role=\"none\"><a href=\"#uagb-tabs__tab0\" class=\"uagb-tabs-list uagb-tabs__icon-position-left\" data-tab=\"0\" role=\"tab\"><div><strong>Presentaci\u00f3n<\/strong><\/div><\/a><\/li><li class=\"uagb-tab \" role=\"none\"><a href=\"#uagb-tabs__tab1\" class=\"uagb-tabs-list uagb-tabs__icon-position-left\" data-tab=\"1\" role=\"tab\"><div><strong>Desarrollo<\/strong><\/div><\/a><\/li><li class=\"uagb-tab \" role=\"none\"><a href=\"#uagb-tabs__tab2\" class=\"uagb-tabs-list uagb-tabs__icon-position-left\" data-tab=\"2\" role=\"tab\"><div><strong>Contenidos<\/strong><\/div><\/a><\/li><li class=\"uagb-tab \" role=\"none\"><a href=\"#uagb-tabs__tab3\" class=\"uagb-tabs-list uagb-tabs__icon-position-left\" data-tab=\"3\" role=\"tab\"><div><strong>Duraci\u00f3n y horarios<\/strong><\/div><\/a><\/li><li class=\"uagb-tab \" role=\"none\"><a href=\"#uagb-tabs__tab4\" class=\"uagb-tabs-list uagb-tabs__icon-position-left\" data-tab=\"4\" role=\"tab\"><div><strong>Matr\u00edcula<\/strong><\/div><\/a><\/li><\/ul><div class=\"uagb-tabs__body-wrap\">\n<div class=\"wp-block-uagb-tabs-child uagb-tabs__body-container uagb-inner-tab-0\" aria-labelledby=\"uagb-tabs__tab0\">\n<div class=\"wp-block-media-text is-stacked-on-mobile is-vertically-aligned-top\" style=\"grid-template-columns:30% auto\"><figure class=\"wp-block-media-text__media\"><img loading=\"lazy\" decoding=\"async\" width=\"500\" height=\"500\" src=\"http:\/\/casatomada.es\/talleres\/wp-content\/uploads\/2023\/09\/EC.png\" alt=\"\" class=\"wp-image-1085 size-full\" srcset=\"http:\/\/casatomada.es\/talleres\/wp-content\/uploads\/2023\/09\/EC.png 500w, http:\/\/casatomada.es\/talleres\/wp-content\/uploads\/2023\/09\/EC-300x300.png 300w, http:\/\/casatomada.es\/talleres\/wp-content\/uploads\/2023\/09\/EC-150x150.png 150w\" sizes=\"auto, (max-width: 500px) 100vw, 500px\" \/><\/figure><div class=\"wp-block-media-text__content\">\n<p class=\"has-text-align-left\">El taller de escritura creativa es el m\u00e1s adecuado para iniciarse en la pr\u00e1ctica de la escritura, pero tambi\u00e9n para aquellos con cierta experiencia que no hayan acudido a otros talleres y quieran fijar los principios narrativos b\u00e1sicos necesarios para crear una buena historia y tomar conciencia de su propia escritura.<\/p>\n\n\n\n<p class=\"has-text-align-left\">El objetivo principal de este taller es animar a los participantes a perderle el respeto a la p\u00e1gina en blanco, y ense\u00f1arles a reconocer sus aciertos y a corregir sus errores para mejorar su t\u00e9cnica. Todo ello por medio de la lectura y an\u00e1lisis de un mont\u00f3n de textos maravillosos de grandes autores, de la pr\u00e1ctica de la escritura a partir de ejercicios semanales, y de su puesta en com\u00fan en clase. Aprenderemos t\u00e9cnicas de inspiraci\u00f3n y creatividad, propondremos ideas y puntos de partida para empezar a soltar la mano, experimentaremos con distintos tipos de textos, y trataremos de crear una rutina de trabajo en un entorno c\u00e1lido, divertido y acogedor, donde todos nos sintamos a gusto compartiendo textos con los dem\u00e1s.<\/p>\n<\/div><\/div>\n<\/div>\n\n\n\n<div class=\"wp-block-uagb-tabs-child uagb-tabs__body-container uagb-inner-tab-1\" aria-labelledby=\"uagb-tabs__tab1\">\n<p>El desarrollo del taller de iniciaci\u00f3n a la escritura creativa es principalmente pr\u00e1ctico: <strong>cada semana habr\u00e1 una propuesta de escritura<\/strong> a partir de la cual los alumnos y alumnas trabajar\u00e1n en casa, y los ejercicios se pondr\u00e1n en com\u00fan para analizarlos durante la clase siguiente.<\/p>\n\n\n\n<p>Un escritor, adem\u00e1s, debe ser un buen lector: es el momento de <strong>acercarnos a la obra de los grandes autores para aprender de ellos como escritores<\/strong>,&nbsp;e ir ampliando nuestra formaci\u00f3n y conocimiento de la buena literatura.&nbsp;A lo largo del curso acordaremos algunas lecturas comunes algo m\u00e1s extensas de las que veremos en clase para dedicar sesiones a la discusi\u00f3n y an\u00e1lisis de esas obras.<\/p>\n\n\n\n<p>Finalmente, el tercer gran pilar en el que se sostiene el aprendizaje de la escritura es el <strong>conocimiento de la teor\u00eda literaria<\/strong>, que nos permite estudiar la t\u00e9cnica, manejar conceptos con propiedad y entender las narraciones a un nivel m\u00e1s profundo. Es importante que aprendamos a analizar los textos que escribimos y que leemos con criterios que vayan m\u00e1s all\u00e1 del \u00abme gusta\u00bb o el \u00abno me gusta\u00bb,&nbsp;leg\u00edtimo, sin lugar a dudas, para los lectores, pero insuficiente para los escritores.<\/p>\n\n\n\n<p>As\u00ed, mediante la escritura y la lectura atentas, el lenguaje se nos ir\u00e1 revelando como un conjunto de herramientas rico y complejo, que cuando se deshace de los t\u00f3picos y los lugares comunes es capaz de volver a expresar de una y mil formas diferentes las emociones que experimentamos, de describir y reconstruir el mundo que nos rodea una vez m\u00e1s como si nadie lo hubiera hecho antes.<\/p>\n<\/div>\n\n\n\n<div class=\"wp-block-uagb-tabs-child uagb-tabs__body-container uagb-inner-tab-2\" aria-labelledby=\"uagb-tabs__tab2\">\n<h5 class=\"wp-block-heading\">Contenidos te\u00f3ricos<\/h5>\n\n\n\n<p>T\u00e9cnicas de inspiraci\u00f3n y creatividad literaria. Rasgos estil\u00edsticos del cuento. Intensidad, brevedad, ritmo. Principios b\u00e1sicos de composici\u00f3n narrativa. Verosimilitud y coherencia interna. Horizonte de expectativas. Tipos de narradores. El tiempo y el espacio en la narraci\u00f3n. La descripci\u00f3n literaria. Creaci\u00f3n de personajes. El personaje como funci\u00f3n. Di\u00e1logo y subtexto. Estilo literario, naturalidad, visibilidad. Evoluci\u00f3n del cuento literario del s. XIX al XXI.<\/p>\n\n\n\n<h5 class=\"wp-block-heading\">Lecturas del curso<\/h5>\n\n\n\n<p>Edgar Allan Poe, Nathaniel Hawthorne, Saki, Anton Ch\u00e9jov, Emilia Pardo Baz\u00e1n, Dorothy Parker, Franz Kafka,&nbsp;Ernest Hemingway, Raymond Carver, J. D. Sallinger, Juan Rulfo, Julio Ram\u00f3n Ribeyro, Slawomir Mrozek, Jorge Luis Borges, Julio Cort\u00e1zar, Clarice Lispector, Ana Mar\u00eda Matute, Fernando Sorrentino, Mario Benedetti, Roald Dahl, Francisco Massiani, Abelardo Castillo, Etgar Keret, Eloy Tiz\u00f3n, Quim Monz\u00f3, Alice Munro, Lorrie Moore, Amy Hempel, A. M. Homes, David Foster Wallace, George Saunders, Dave Eggers, James Salter, Augusto Monterroso, Italo Calvino, Ana Mar\u00eda Shua. Entre otros.<\/p>\n\n\n\n<h5 class=\"wp-block-heading\">Bibliograf\u00eda complementaria<\/h5>\n\n\n\n<ul class=\"wp-block-list\">\n<li><em>La pr\u00e1ctica del relato<\/em>, de \u00c1ngel Zapata (Ed. Fuentetaja).<\/li>\n\n\n\n<li><em>Gram\u00e1tica de la fantas\u00eda<\/em>, de Gianni Rodari (Ed. Booket).<\/li>\n\n\n\n<li><em>Teor\u00eda y t\u00e9cnica del cuento<\/em>, de Enrique Anderson-Imbert (Ed. Paid\u00f3s).<\/li>\n\n\n\n<li><em>De repente, apareci\u00f3 una nave<\/em>, de Guillermo Samperio (Ed. P\u00e1ginas de Espuma).<\/li>\n\n\n\n<li><em>El gui\u00f3n<\/em>, de Robert McKee (Ed. Alba).<\/li>\n\n\n\n<li><em>El viaje del escritor<\/em>, de Christopher Vogler (Ed. Ma Non Troppo).<\/li>\n\n\n\n<li><em>Escribir y reescribir<\/em>, de Gloria Fern\u00e1ndez Rozas (Ed. Fuentetaja).<\/li>\n<\/ul>\n<\/div>\n\n\n\n<div class=\"wp-block-uagb-tabs-child uagb-tabs__body-container uagb-inner-tab-3\" aria-labelledby=\"uagb-tabs__tab3\">\n<p>El taller se desarrolla por medio de <strong>una clase de 1,5 h de duraci\u00f3n a la semana<\/strong>, a lo largo de nueve meses (de octubre a junio), y los grupos son reducidos, de entre 6 y 10 participantes cada uno. <\/p>\n\n\n\n<p>Al inscribirte, puedes elegir el horario que m\u00e1s te convenga y te reservaremos la plaza en ese grupo si hay hueco disponible, respetando el orden de llegada. Si no tienes preferencia por ninguno, te lo asignaremos nosotros.<\/p>\n\n\n\n<h5 class=\"wp-block-heading\">Modalidad presencial:<\/h5>\n\n\n\n<ul class=\"wp-block-list\">\n<li>Lunes: 19:00 h &#8211; 20:30 h<\/li>\n\n\n\n<li>Martes: 17:30 h &#8211; 19:00 h<\/li>\n\n\n\n<li>Mi\u00e9rcoles: 12:00 h &#8211; 13:30 h<\/li>\n\n\n\n<li>Jueves: 19.30 h &#8211; 21.00 h<\/li>\n<\/ul>\n\n\n\n<h5 class=\"wp-block-heading\">Modalidad online:<\/h5>\n\n\n\n<ul class=\"wp-block-list\">\n<li>Lunes: 18:00 h &#8211; 19:30 h <\/li>\n<\/ul>\n\n\n\n<p>Si no te viene bien ninguno de estos grupos, escr\u00edbenos a info@casatomada.es y te avisaremos si se abre alg\u00fan horario nuevo.<\/p>\n<\/div>\n\n\n\n<div class=\"wp-block-uagb-tabs-child uagb-tabs__body-container uagb-inner-tab-4\" aria-labelledby=\"uagb-tabs__tab4\">\n<div class=\"wp-block-uagb-info-box uagb-block-d3d820b5 uagb-infobox__content-wrap  uagb-infobox-icon-above-title uagb-infobox-image-valign-top\"><div class=\"uagb-ifb-content\"><div class=\"uagb-ifb-icon-wrap\"><svg xmlns=\"https:\/\/www.w3.org\/2000\/svg\" viewBox=\"0 0 512 512\"><path d=\"M512 80C512 98.01 497.7 114.6 473.6 128C444.5 144.1 401.2 155.5 351.3 158.9C347.7 157.2 343.9 155.5 340.1 153.9C300.6 137.4 248.2 128 192 128C183.7 128 175.6 128.2 167.5 128.6L166.4 128C142.3 114.6 128 98.01 128 80C128 35.82 213.1 0 320 0C426 0 512 35.82 512 80V80zM160.7 161.1C170.9 160.4 181.3 160 192 160C254.2 160 309.4 172.3 344.5 191.4C369.3 204.9 384 221.7 384 240C384 243.1 383.3 247.9 381.9 251.7C377.3 264.9 364.1 277 346.9 287.3C346.9 287.3 346.9 287.3 346.9 287.3C346.8 287.3 346.6 287.4 346.5 287.5L346.5 287.5C346.2 287.7 345.9 287.8 345.6 288C310.6 307.4 254.8 320 192 320C132.4 320 79.06 308.7 43.84 290.9C41.97 289.9 40.15 288.1 38.39 288C14.28 274.6 0 258 0 240C0 205.2 53.43 175.5 128 164.6C138.5 163 149.4 161.8 160.7 161.1L160.7 161.1zM391.9 186.6C420.2 182.2 446.1 175.2 468.1 166.1C484.4 159.3 499.5 150.9 512 140.6V176C512 195.3 495.5 213.1 468.2 226.9C453.5 234.3 435.8 240.5 415.8 245.3C415.9 243.6 416 241.8 416 240C416 218.1 405.4 200.1 391.9 186.6V186.6zM384 336C384 354 369.7 370.6 345.6 384C343.8 384.1 342 385.9 340.2 386.9C304.9 404.7 251.6 416 192 416C129.2 416 73.42 403.4 38.39 384C14.28 370.6 .0003 354 .0003 336V300.6C12.45 310.9 27.62 319.3 43.93 326.1C83.44 342.6 135.8 352 192 352C248.2 352 300.6 342.6 340.1 326.1C347.9 322.9 355.4 319.2 362.5 315.2C368.6 311.8 374.3 308 379.7 304C381.2 302.9 382.6 301.7 384 300.6L384 336zM416 278.1C434.1 273.1 452.5 268.6 468.1 262.1C484.4 255.3 499.5 246.9 512 236.6V272C512 282.5 507 293 497.1 302.9C480.8 319.2 452.1 332.6 415.8 341.3C415.9 339.6 416 337.8 416 336V278.1zM192 448C248.2 448 300.6 438.6 340.1 422.1C356.4 415.3 371.5 406.9 384 396.6V432C384 476.2 298 512 192 512C85.96 512 .0003 476.2 .0003 432V396.6C12.45 406.9 27.62 415.3 43.93 422.1C83.44 438.6 135.8 448 192 448z\"><\/path><\/svg><\/div><div class=\"uagb-ifb-title-wrap\"><h3 class=\"uagb-ifb-title\"><strong>Precio del taller<\/strong><\/h3><\/div><p class=\"uagb-ifb-desc\">\u00b7 <strong>Taller presencial: 70 \u20ac \/ mes<br>\u00b7 Taller online: 210 \u20ac \/ trimestre<\/strong><\/p><div class=\"uagb-ifb-separator\"><\/div><\/div><\/div>\n\n\n\n<div class=\"wp-block-uagb-info-box uagb-block-09efb471 uagb-infobox__content-wrap  uagb-infobox-icon-above-title uagb-infobox-image-valign-top\"><div class=\"uagb-ifb-content\"><div class=\"uagb-ifb-icon-wrap\"><svg xmlns=\"https:\/\/www.w3.org\/2000\/svg\" viewBox=\"0 0 512 512\"><path d=\"M256 0C114.6 0 0 114.6 0 256s114.6 256 256 256s256-114.6 256-256S397.4 0 256 0zM256 128c17.67 0 32 14.33 32 32c0 17.67-14.33 32-32 32S224 177.7 224 160C224 142.3 238.3 128 256 128zM296 384h-80C202.8 384 192 373.3 192 360s10.75-24 24-24h16v-64H224c-13.25 0-24-10.75-24-24S210.8 224 224 224h32c13.25 0 24 10.75 24 24v88h16c13.25 0 24 10.75 24 24S309.3 384 296 384z\"><\/path><\/svg><\/div><div class=\"uagb-ifb-title-wrap\"><h3 class=\"uagb-ifb-title\"><strong>M\u00e1s informaci\u00f3n<\/strong><\/h3><\/div><p class=\"uagb-ifb-desc\"><strong>\u00b7 Inicio del curso:<\/strong> Semana del 6 de octubre.<br><strong>\u00b7 Duraci\u00f3n:<\/strong> De octubre a junio (nueve meses).<br><strong>\u00b7 Nota:<\/strong> Los alumnos pueden incorporarse al taller una vez iniciado siempre y cuando haya plazas disponibles. La permanencia m\u00ednima en el taller es de un mes para la modalidad presencial, y de tres meses para la online.<br><strong>\u00b7 \u00bfTienes m\u00e1s dudas?<\/strong> Echa un vistazo a las <a href=\"https:\/\/casatomada.es\/talleres\/inscripciones\/\" data-type=\"link\" data-id=\"https:\/\/casatomada.es\/talleres\/inscripciones\/\">preguntas frecuentes<\/a>.<\/p><div class=\"uagb-ifb-separator\"><\/div><\/div><\/div>\n\n\n\n<div class=\"wp-block-uagb-info-box uagb-block-a56cb07e uagb-infobox__content-wrap  uagb-infobox-icon-above-title uagb-infobox-image-valign-top\"><div class=\"uagb-ifb-content\"><div class=\"uagb-ifb-icon-wrap\"><svg xmlns=\"https:\/\/www.w3.org\/2000\/svg\" viewBox=\"0 0 512 512\"><path d=\"M511.2 387l-23.25 100.8c-3.266 14.25-15.79 24.22-30.46 24.22C205.2 512 0 306.8 0 54.5c0-14.66 9.969-27.2 24.22-30.45l100.8-23.25C139.7-2.602 154.7 5.018 160.8 18.92l46.52 108.5c5.438 12.78 1.77 27.67-8.98 36.45L144.5 207.1c33.98 69.22 90.26 125.5 159.5 159.5l44.08-53.8c8.688-10.78 23.69-14.51 36.47-8.975l108.5 46.51C506.1 357.2 514.6 372.4 511.2 387z\"><\/path><\/svg><\/div><div class=\"uagb-ifb-title-wrap\"><h3 class=\"uagb-ifb-title\"><strong><strong>Consultas e inscripciones: info@casatomada.es \u00b7 955 517 057<\/strong><\/strong><\/h3><\/div><\/div><\/div>\n<\/div>\n<\/div><\/div>\n\n\n\n<p><\/p>\n","protected":false},"excerpt":{"rendered":"","protected":false},"author":1,"featured_media":1085,"comment_status":"closed","ping_status":"open","sticky":false,"template":"","format":"standard","meta":{"_uag_custom_page_level_css":"","footnotes":""},"categories":[5,8],"tags":[],"class_list":["post-44","post","type-post","status-publish","format-standard","has-post-thumbnail","hentry","category-talleres-de-escritura","category-talleres-online"],"uagb_featured_image_src":{"full":["http:\/\/casatomada.es\/talleres\/wp-content\/uploads\/2023\/09\/EC.png",500,500,false],"thumbnail":["http:\/\/casatomada.es\/talleres\/wp-content\/uploads\/2023\/09\/EC-150x150.png",150,150,true],"medium":["http:\/\/casatomada.es\/talleres\/wp-content\/uploads\/2023\/09\/EC-300x300.png",300,300,true],"medium_large":["http:\/\/casatomada.es\/talleres\/wp-content\/uploads\/2023\/09\/EC.png",500,500,false],"large":["http:\/\/casatomada.es\/talleres\/wp-content\/uploads\/2023\/09\/EC.png",500,500,false],"1536x1536":["http:\/\/casatomada.es\/talleres\/wp-content\/uploads\/2023\/09\/EC.png",500,500,false],"2048x2048":["http:\/\/casatomada.es\/talleres\/wp-content\/uploads\/2023\/09\/EC.png",500,500,false]},"uagb_author_info":{"display_name":"admin","author_link":"http:\/\/casatomada.es\/talleres\/author\/admin\/"},"uagb_comment_info":0,"uagb_excerpt":null,"_links":{"self":[{"href":"http:\/\/casatomada.es\/talleres\/wp-json\/wp\/v2\/posts\/44","targetHints":{"allow":["GET"]}}],"collection":[{"href":"http:\/\/casatomada.es\/talleres\/wp-json\/wp\/v2\/posts"}],"about":[{"href":"http:\/\/casatomada.es\/talleres\/wp-json\/wp\/v2\/types\/post"}],"author":[{"embeddable":true,"href":"http:\/\/casatomada.es\/talleres\/wp-json\/wp\/v2\/users\/1"}],"replies":[{"embeddable":true,"href":"http:\/\/casatomada.es\/talleres\/wp-json\/wp\/v2\/comments?post=44"}],"version-history":[{"count":71,"href":"http:\/\/casatomada.es\/talleres\/wp-json\/wp\/v2\/posts\/44\/revisions"}],"predecessor-version":[{"id":1115,"href":"http:\/\/casatomada.es\/talleres\/wp-json\/wp\/v2\/posts\/44\/revisions\/1115"}],"wp:featuredmedia":[{"embeddable":true,"href":"http:\/\/casatomada.es\/talleres\/wp-json\/wp\/v2\/media\/1085"}],"wp:attachment":[{"href":"http:\/\/casatomada.es\/talleres\/wp-json\/wp\/v2\/media?parent=44"}],"wp:term":[{"taxonomy":"category","embeddable":true,"href":"http:\/\/casatomada.es\/talleres\/wp-json\/wp\/v2\/categories?post=44"},{"taxonomy":"post_tag","embeddable":true,"href":"http:\/\/casatomada.es\/talleres\/wp-json\/wp\/v2\/tags?post=44"}],"curies":[{"name":"wp","href":"https:\/\/api.w.org\/{rel}","templated":true}]}}