{"id":643,"date":"2024-09-04T09:45:15","date_gmt":"2024-09-04T09:45:15","guid":{"rendered":"https:\/\/casatomada.es\/talleres\/?p=643"},"modified":"2025-09-29T11:11:42","modified_gmt":"2025-09-29T11:11:42","slug":"escritura-creativa-infantil","status":"publish","type":"post","link":"http:\/\/casatomada.es\/talleres\/escritura-creativa-infantil\/","title":{"rendered":"Escritura creativa infantil"},"content":{"rendered":"\n<div class=\"wp-block-uagb-tabs uagb-block-55b97765 uagb-tabs__wrap uagb-tabs__hstyle1-desktop uagb-tabs__vstyle6-tablet uagb-tabs__stack1-mobile\" data-tab-active=\"0\"><ul class=\"uagb-tabs__panel uagb-tabs__align-left\" role=\"tablist\"><li class=\"uagb-tab uagb-tabs__active\" role=\"none\"><a href=\"#uagb-tabs__tab0\" class=\"uagb-tabs-list uagb-tabs__icon-position-left\" data-tab=\"0\" role=\"tab\"><div><strong>Presentaci\u00f3n<\/strong><\/div><\/a><\/li><li class=\"uagb-tab \" role=\"none\"><a href=\"#uagb-tabs__tab1\" class=\"uagb-tabs-list uagb-tabs__icon-position-left\" data-tab=\"1\" role=\"tab\"><div><strong>Contenidos<\/strong><\/div><\/a><\/li><li class=\"uagb-tab \" role=\"none\"><a href=\"#uagb-tabs__tab2\" class=\"uagb-tabs-list uagb-tabs__icon-position-left\" data-tab=\"2\" role=\"tab\"><div><strong>Duraci\u00f3n y horarios<\/strong><\/div><\/a><\/li><li class=\"uagb-tab \" role=\"none\"><a href=\"#uagb-tabs__tab3\" class=\"uagb-tabs-list uagb-tabs__icon-position-left\" data-tab=\"3\" role=\"tab\"><div><strong>Matr\u00edcula<\/strong><\/div><\/a><\/li><\/ul><div class=\"uagb-tabs__body-wrap\">\n<div class=\"wp-block-uagb-tabs-child uagb-tabs__body-container uagb-inner-tab-0\" aria-labelledby=\"uagb-tabs__tab0\">\n<div class=\"wp-block-media-text is-stacked-on-mobile is-vertically-aligned-top\" style=\"grid-template-columns:30% auto\"><figure  class=\"wp-block-media-text__media\"><img loading=\"lazy\" decoding=\"async\" width=\"500\" height=\"500\" alt=\"\" src=\"http:\/\/casatomada.es\/talleres\/wp-content\/uploads\/2023\/09\/INFANTIL.png\" class=\"wp-image-1087 size-full\" srcset=\"http:\/\/casatomada.es\/talleres\/wp-content\/uploads\/2023\/09\/INFANTIL.png 500w, http:\/\/casatomada.es\/talleres\/wp-content\/uploads\/2023\/09\/INFANTIL-300x300.png 300w, http:\/\/casatomada.es\/talleres\/wp-content\/uploads\/2023\/09\/INFANTIL-150x150.png 150w\" sizes=\"auto, (max-width: 500px) 100vw, 500px\" \/><\/figure><div class=\"wp-block-media-text__content\">\n<p>Este taller est\u00e1 dirigido a ni\u00f1os y ni\u00f1as que comienzan a interesarse de forma aut\u00f3noma por la lectura y, especialmente, a aquellos que disfrutan inventando y jugando con las historias.&nbsp;La creatividad, entendida como la capacidad de superar problemas a los que nunca antes nos hab\u00edamos enfrentado, es una forma de inteligencia. A trav\u00e9s de estrategias l\u00fadicas y narrativas, ayudamos a los m\u00e1s peque\u00f1os a desarrollar su imaginaci\u00f3n, a la vez que los animamos a pensar por s\u00ed mismos y a tomar decisiones que son tenidas tan en cuenta como las de cualquier adulto, lo que se transforma en una mayor autoconfianza.<\/p>\n\n\n\n<p>Transformar una idea en una narraci\u00f3n estructurada es, adem\u00e1s, una forma de acostumbrarse a ordenar pensamientos a la hora de afrontar una redacci\u00f3n escrita en cualquier \u00e1mbito.&nbsp;En este taller trabajaremos dos aspectos fundamentales:&nbsp;el desarrollo de la creatividad mediante juegos de improvisaci\u00f3n a trav\u00e9s de la escritura y de la expresi\u00f3n oral y pl\u00e1stica, y&nbsp;la formaci\u00f3n de lectores cr\u00edticos que son capaces de reflexionar sobre sus lecturas, que aprenden a compartirlas, a expresar sus opiniones, a definir sus gustos e intereses, a tomar conciencia de s\u00ed mismos y huir de los estereotipos, a reconocerse (o no) en las historias que leen, y que, en definitiva, merecen ser tratados con la misma seriedad que a cualquier adulto.<\/p>\n<\/div><\/div>\n<\/div>\n\n\n\n<div class=\"wp-block-uagb-tabs-child uagb-tabs__body-container uagb-inner-tab-1\" aria-labelledby=\"uagb-tabs__tab1\">\n<p>Estas son algunas de las cosas que haremos en el taller:<\/p>\n\n\n\n<ul class=\"wp-block-list\">\n<li>Inventar historias, escribirlas, dibujarlas, representarlas con m\u00edmica si hace falta.<\/li>\n\n\n\n<li>Responder a preguntas como \u201c\u00bfqu\u00e9 pasar\u00eda si\u2026?\u201d y tambi\u00e9n \u201c\u00bfpor qu\u00e9 no\u2026?\u201d. Compartir ideas, mezclarlas las unas con otras.<\/li>\n\n\n\n<li>Imaginar personajes y convertirnos en ellos. Tomarlos prestados de cuentos conocidos, del cine, de los tebeos, y cambiarlos de sitio para ver c\u00f3mo se las arreglan.<\/li>\n\n\n\n<li>Reescribir los cuentos que ya conocemos: combinarlos, desordenarlos, \u00a1mejorarlos!<\/li>\n\n\n\n<li>Jugar con las palabras, cambiarlas, inventar otras nuevas cuando sea necesario. Descartar aquellas que no nos gustan.<\/li>\n\n\n\n<li>Leer cuentos y poemas, recomendarnos libros que nos gustan, explicarnos por qu\u00e9.<\/li>\n<\/ul>\n<\/div>\n\n\n\n<div class=\"wp-block-uagb-tabs-child uagb-tabs__body-container uagb-inner-tab-2\" aria-labelledby=\"uagb-tabs__tab2\">\n<p>El taller se desarrolla por medio de&nbsp;<strong>una clase de 1,5 h de duraci\u00f3n a la semana<\/strong>, y los grupos son reducidos, de entre 5 y 10 participantes cada uno.<\/p>\n\n\n\n<ul class=\"wp-block-list\">\n<li><strong>Modalidad:<\/strong>&nbsp;presencial.<\/li>\n\n\n\n<li><strong>Edad de los participantes:<\/strong>&nbsp;de 8 a 12 a\u00f1os.<\/li>\n\n\n\n<li><strong>Horario:<\/strong>\n<ul class=\"wp-block-list\">\n<li>Viernes: 17:00-18:30h<\/li>\n<\/ul>\n<\/li>\n\n\n\n<li><strong>Duraci\u00f3n:<\/strong>&nbsp;El taller se imparte a lo largo de todo el curso escolar, de octubre a junio, pero no es necesario matricularse el a\u00f1o completo.<\/li>\n<\/ul>\n<\/div>\n\n\n\n<div class=\"wp-block-uagb-tabs-child uagb-tabs__body-container uagb-inner-tab-3\" aria-labelledby=\"uagb-tabs__tab3\">\n<div class=\"wp-block-uagb-info-box uagb-block-d3d820b5 uagb-infobox__content-wrap  uagb-infobox-icon-above-title uagb-infobox-image-valign-top\"><div class=\"uagb-ifb-content\"><div class=\"uagb-ifb-icon-wrap\"><svg xmlns=\"https:\/\/www.w3.org\/2000\/svg\" viewBox=\"0 0 512 512\"><path d=\"M512 80C512 98.01 497.7 114.6 473.6 128C444.5 144.1 401.2 155.5 351.3 158.9C347.7 157.2 343.9 155.5 340.1 153.9C300.6 137.4 248.2 128 192 128C183.7 128 175.6 128.2 167.5 128.6L166.4 128C142.3 114.6 128 98.01 128 80C128 35.82 213.1 0 320 0C426 0 512 35.82 512 80V80zM160.7 161.1C170.9 160.4 181.3 160 192 160C254.2 160 309.4 172.3 344.5 191.4C369.3 204.9 384 221.7 384 240C384 243.1 383.3 247.9 381.9 251.7C377.3 264.9 364.1 277 346.9 287.3C346.9 287.3 346.9 287.3 346.9 287.3C346.8 287.3 346.6 287.4 346.5 287.5L346.5 287.5C346.2 287.7 345.9 287.8 345.6 288C310.6 307.4 254.8 320 192 320C132.4 320 79.06 308.7 43.84 290.9C41.97 289.9 40.15 288.1 38.39 288C14.28 274.6 0 258 0 240C0 205.2 53.43 175.5 128 164.6C138.5 163 149.4 161.8 160.7 161.1L160.7 161.1zM391.9 186.6C420.2 182.2 446.1 175.2 468.1 166.1C484.4 159.3 499.5 150.9 512 140.6V176C512 195.3 495.5 213.1 468.2 226.9C453.5 234.3 435.8 240.5 415.8 245.3C415.9 243.6 416 241.8 416 240C416 218.1 405.4 200.1 391.9 186.6V186.6zM384 336C384 354 369.7 370.6 345.6 384C343.8 384.1 342 385.9 340.2 386.9C304.9 404.7 251.6 416 192 416C129.2 416 73.42 403.4 38.39 384C14.28 370.6 .0003 354 .0003 336V300.6C12.45 310.9 27.62 319.3 43.93 326.1C83.44 342.6 135.8 352 192 352C248.2 352 300.6 342.6 340.1 326.1C347.9 322.9 355.4 319.2 362.5 315.2C368.6 311.8 374.3 308 379.7 304C381.2 302.9 382.6 301.7 384 300.6L384 336zM416 278.1C434.1 273.1 452.5 268.6 468.1 262.1C484.4 255.3 499.5 246.9 512 236.6V272C512 282.5 507 293 497.1 302.9C480.8 319.2 452.1 332.6 415.8 341.3C415.9 339.6 416 337.8 416 336V278.1zM192 448C248.2 448 300.6 438.6 340.1 422.1C356.4 415.3 371.5 406.9 384 396.6V432C384 476.2 298 512 192 512C85.96 512 .0003 476.2 .0003 432V396.6C12.45 406.9 27.62 415.3 43.93 422.1C83.44 438.6 135.8 448 192 448z\"><\/path><\/svg><\/div><div class=\"uagb-ifb-title-wrap\"><h3 class=\"uagb-ifb-title\"><strong>Precio del taller<\/strong><\/h3><\/div><p class=\"uagb-ifb-desc\"><strong>Taller presencial: 65 \u20ac \/ mes<\/strong><\/p><div class=\"uagb-ifb-separator\"><\/div><\/div><\/div>\n\n\n\n<div class=\"wp-block-uagb-info-box uagb-block-09efb471 uagb-infobox__content-wrap  uagb-infobox-icon-above-title uagb-infobox-image-valign-top\"><div class=\"uagb-ifb-content\"><div class=\"uagb-ifb-icon-wrap\"><svg xmlns=\"https:\/\/www.w3.org\/2000\/svg\" viewBox=\"0 0 512 512\"><path d=\"M256 0C114.6 0 0 114.6 0 256s114.6 256 256 256s256-114.6 256-256S397.4 0 256 0zM256 128c17.67 0 32 14.33 32 32c0 17.67-14.33 32-32 32S224 177.7 224 160C224 142.3 238.3 128 256 128zM296 384h-80C202.8 384 192 373.3 192 360s10.75-24 24-24h16v-64H224c-13.25 0-24-10.75-24-24S210.8 224 224 224h32c13.25 0 24 10.75 24 24v88h16c13.25 0 24 10.75 24 24S309.3 384 296 384z\"><\/path><\/svg><\/div><div class=\"uagb-ifb-title-wrap\"><h3 class=\"uagb-ifb-title\"><strong>M\u00e1s informaci\u00f3n<\/strong><\/h3><\/div><p class=\"uagb-ifb-desc\"><strong>Inicio del curso:<\/strong> Semana del 6 de octubre.<br><strong>Duraci\u00f3n:<\/strong> De octubre a junio (nueve meses).<br><strong>Nota:<\/strong> Los alumnos pueden incorporarse al taller una vez iniciado siempre y cuando haya plazas disponibles. La permanencia m\u00ednima en el taller es de un mes.<br><strong>\u00bfTienes m\u00e1s dudas?<\/strong> Echa un vistazo a las <a href=\"https:\/\/casatomada.es\/talleres\/inscripciones\/\" data-type=\"link\" data-id=\"https:\/\/casatomada.es\/talleres\/inscripciones\/\">preguntas frecuentes<\/a>.<\/p><div class=\"uagb-ifb-separator\"><\/div><\/div><\/div>\n\n\n\n<div class=\"wp-block-uagb-info-box uagb-block-a56cb07e uagb-infobox__content-wrap  uagb-infobox-icon-above-title uagb-infobox-image-valign-top\"><div class=\"uagb-ifb-content\"><div class=\"uagb-ifb-icon-wrap\"><svg xmlns=\"https:\/\/www.w3.org\/2000\/svg\" viewBox=\"0 0 512 512\"><path d=\"M511.2 387l-23.25 100.8c-3.266 14.25-15.79 24.22-30.46 24.22C205.2 512 0 306.8 0 54.5c0-14.66 9.969-27.2 24.22-30.45l100.8-23.25C139.7-2.602 154.7 5.018 160.8 18.92l46.52 108.5c5.438 12.78 1.77 27.67-8.98 36.45L144.5 207.1c33.98 69.22 90.26 125.5 159.5 159.5l44.08-53.8c8.688-10.78 23.69-14.51 36.47-8.975l108.5 46.51C506.1 357.2 514.6 372.4 511.2 387z\"><\/path><\/svg><\/div><div class=\"uagb-ifb-title-wrap\"><h3 class=\"uagb-ifb-title\"><strong><strong>Consultas e inscripciones: info@casatomada.es \u00b7 955 517 057<\/strong><\/strong><\/h3><\/div><\/div><\/div>\n<\/div>\n<\/div><\/div>\n","protected":false},"excerpt":{"rendered":"","protected":false},"author":1,"featured_media":1087,"comment_status":"closed","ping_status":"open","sticky":false,"template":"","format":"standard","meta":{"_uag_custom_page_level_css":"","footnotes":""},"categories":[7],"tags":[],"class_list":["post-643","post","type-post","status-publish","format-standard","has-post-thumbnail","hentry","category-infantil-y-juvenil"],"uagb_featured_image_src":{"full":["http:\/\/casatomada.es\/talleres\/wp-content\/uploads\/2023\/09\/INFANTIL.png",500,500,false],"thumbnail":["http:\/\/casatomada.es\/talleres\/wp-content\/uploads\/2023\/09\/INFANTIL-150x150.png",150,150,true],"medium":["http:\/\/casatomada.es\/talleres\/wp-content\/uploads\/2023\/09\/INFANTIL-300x300.png",300,300,true],"medium_large":["http:\/\/casatomada.es\/talleres\/wp-content\/uploads\/2023\/09\/INFANTIL.png",500,500,false],"large":["http:\/\/casatomada.es\/talleres\/wp-content\/uploads\/2023\/09\/INFANTIL.png",500,500,false],"1536x1536":["http:\/\/casatomada.es\/talleres\/wp-content\/uploads\/2023\/09\/INFANTIL.png",500,500,false],"2048x2048":["http:\/\/casatomada.es\/talleres\/wp-content\/uploads\/2023\/09\/INFANTIL.png",500,500,false]},"uagb_author_info":{"display_name":"admin","author_link":"http:\/\/casatomada.es\/talleres\/author\/admin\/"},"uagb_comment_info":0,"uagb_excerpt":null,"_links":{"self":[{"href":"http:\/\/casatomada.es\/talleres\/wp-json\/wp\/v2\/posts\/643","targetHints":{"allow":["GET"]}}],"collection":[{"href":"http:\/\/casatomada.es\/talleres\/wp-json\/wp\/v2\/posts"}],"about":[{"href":"http:\/\/casatomada.es\/talleres\/wp-json\/wp\/v2\/types\/post"}],"author":[{"embeddable":true,"href":"http:\/\/casatomada.es\/talleres\/wp-json\/wp\/v2\/users\/1"}],"replies":[{"embeddable":true,"href":"http:\/\/casatomada.es\/talleres\/wp-json\/wp\/v2\/comments?post=643"}],"version-history":[{"count":5,"href":"http:\/\/casatomada.es\/talleres\/wp-json\/wp\/v2\/posts\/643\/revisions"}],"predecessor-version":[{"id":1120,"href":"http:\/\/casatomada.es\/talleres\/wp-json\/wp\/v2\/posts\/643\/revisions\/1120"}],"wp:featuredmedia":[{"embeddable":true,"href":"http:\/\/casatomada.es\/talleres\/wp-json\/wp\/v2\/media\/1087"}],"wp:attachment":[{"href":"http:\/\/casatomada.es\/talleres\/wp-json\/wp\/v2\/media?parent=643"}],"wp:term":[{"taxonomy":"category","embeddable":true,"href":"http:\/\/casatomada.es\/talleres\/wp-json\/wp\/v2\/categories?post=643"},{"taxonomy":"post_tag","embeddable":true,"href":"http:\/\/casatomada.es\/talleres\/wp-json\/wp\/v2\/tags?post=643"}],"curies":[{"name":"wp","href":"https:\/\/api.w.org\/{rel}","templated":true}]}}